{"id":26318,"date":"2026-04-23T22:14:57","date_gmt":"2026-04-23T20:14:57","guid":{"rendered":"https:\/\/almazarasdelasubbetica.com\/lanza-primera-linea-aoves-certificada-d-o-p-aceite-de-lucena\/"},"modified":"2026-04-30T12:55:27","modified_gmt":"2026-04-30T10:55:27","slug":"launches-first-evoo-line-certified-pdo-lucena","status":"publish","type":"post","link":"https:\/\/almazarasdelasubbetica.com\/en\/launches-first-evoo-line-certified-pdo-lucena\/","title":{"rendered":"Almazaras de la Subb\u00e9tica Launches Its First EVOO Line Certified by the PDO Aceite de Lucena"},"content":{"rendered":"<h1>Almazaras de la Subb\u00e9tica Launches Its First EVOO Line Certified by the PDO Aceite de Lucena<\/h1>\n<p><a href=\"https:\/\/almazarasdelasubbetica.com\/en\/products\/almazaras-subbetica-pdo-lucena\/\"><img fetchpriority=\"high\" decoding=\"async\" class=\"wp-image-26246 size-full aligncenter\" src=\"https:\/\/almazarasdelasubbetica.com\/wp-content\/uploads\/2026\/04\/PORTADA-BLOG-DOP-Lucena.png\" alt=\"Almazaras de la Subb\u00e9tica launches its first EVOO line certified by the PDO Aceite de Lucena\" width=\"1024\" height=\"683\" srcset=\"https:\/\/almazarasdelasubbetica.com\/wp-content\/uploads\/2026\/04\/PORTADA-BLOG-DOP-Lucena.png 1024w, https:\/\/almazarasdelasubbetica.com\/wp-content\/uploads\/2026\/04\/PORTADA-BLOG-DOP-Lucena-300x200.png 300w, https:\/\/almazarasdelasubbetica.com\/wp-content\/uploads\/2026\/04\/PORTADA-BLOG-DOP-Lucena-768x512.png 768w, https:\/\/almazarasdelasubbetica.com\/wp-content\/uploads\/2026\/04\/PORTADA-BLOG-DOP-Lucena-600x400.png 600w, https:\/\/almazarasdelasubbetica.com\/wp-content\/uploads\/2026\/04\/PORTADA-BLOG-DOP-Lucena-1000x667.png 1000w\" sizes=\"(max-width: 1024px) 100vw, 1024px\" \/><\/a><\/p>\n<h2><em>The Designation guarantees and recognizes the quality and origin of the oils produced in the geographical area it protects<\/em><\/h2>\n<p><span style=\"font-weight: 400;\">Great news! The <\/span><a href=\"https:\/\/almazarasdelasubbetica.com\/en\/\"><b>Almazaras de la Subb\u00e9tica<\/b><\/a><span style=\"font-weight: 400;\"> family continues to grow with the launch of its first line of extra virgin olive oils certified by the <\/span><span style=\"font-weight: 400;\"><a href=\"https:\/\/dolucena.es\/\">Protected Designation of Origin Aceite de Lucena<\/a>. <\/span><span style=\"font-weight: 400;\">After all, we are firm defenders of excellence, the land, and tradition! <\/span><\/p>\n<p><span style=\"font-weight: 400;\">Just take a look at <\/span><a href=\"https:\/\/almazarasdelasubbetica.com\/en\/shop\/\"><span style=\"font-weight: 400;\">our online store<\/span><\/a><span style=\"font-weight: 400;\"> to find the first one, <\/span><span style=\"font-weight: 400;\"><a href=\"https:\/\/almazarasdelasubbetica.com\/en\/products\/almazaras-subbetica-pdo-lucena\/\">Almazaras de la Subb\u00e9tica PDO Lucena<\/a>. <\/span><\/p>\n<p><span style=\"font-weight: 400;\">It is a great extra virgin olive oil from the <\/span><b>Hojiblanca variety<\/b><span style=\"font-weight: 400;\">, historically present in the area. With a medium fruitiness and a very balanced profile, it is highly versatile and perfect for use across different temperature ranges. And the PDO Aceite de Lucena seal guarantees the quality and traceability of its area of origin. <\/span><\/p>\n<p><span style=\"font-weight: 400;\">Almazaras de la Subb\u00e9tica PDO Lucena stands out for its great aromatic elegance. On the palate it shows <\/span><span style=\"font-weight: 400;\">medium pungency, quite subtle, and medium bitterness that is at the same time very <\/span><span style=\"font-weight: 400;\">well balanced. It also adds hints of aromatic plants, <\/span><span style=\"font-weight: 400;\">vegetables, banana peel, and spices, with special prominence given to the characteristic aroma <\/span><span style=\"font-weight: 400;\">of mallow flower.<\/span><\/p>\n<p><span style=\"font-weight: 400;\">We have produced an EVOO that can be used across the full range of temperatures, whether for<\/span> <span style=\"font-weight: 400;\">gourmet frying or raw use in professional kitchens for bread, pasta, pastries, and meals <\/span><span style=\"font-weight: 400;\">in general. In the same way, it enhances gourmet frying, saut\u00e9ed bases, and is a magnificent <\/span><span style=\"font-weight: 400;\">choice for preparing dishes with fish, meat, and vegetables.<\/span><\/p>\n<h3><b>A Seal of Excellence<\/b><\/h3>\n<p><a href=\"https:\/\/almazarasdelasubbetica.com\/en\/products\/almazaras-subbetica-pdo-lucena\/\"><img decoding=\"async\" class=\"alignnone wp-image-26248 size-full\" src=\"https:\/\/almazarasdelasubbetica.com\/wp-content\/uploads\/2026\/04\/fotodoplucena2.jpg\" alt=\"Full line of Almazaras de la Subb\u00e9tica PDO Lucena\" width=\"1920\" height=\"1352\" srcset=\"https:\/\/almazarasdelasubbetica.com\/wp-content\/uploads\/2026\/04\/fotodoplucena2.jpg 1920w, https:\/\/almazarasdelasubbetica.com\/wp-content\/uploads\/2026\/04\/fotodoplucena2-300x211.jpg 300w, https:\/\/almazarasdelasubbetica.com\/wp-content\/uploads\/2026\/04\/fotodoplucena2-1024x721.jpg 1024w, https:\/\/almazarasdelasubbetica.com\/wp-content\/uploads\/2026\/04\/fotodoplucena2-768x541.jpg 768w, https:\/\/almazarasdelasubbetica.com\/wp-content\/uploads\/2026\/04\/fotodoplucena2-1536x1082.jpg 1536w, https:\/\/almazarasdelasubbetica.com\/wp-content\/uploads\/2026\/04\/fotodoplucena2-600x423.jpg 600w, https:\/\/almazarasdelasubbetica.com\/wp-content\/uploads\/2026\/04\/fotodoplucena2-1000x704.jpg 1000w\" sizes=\"(max-width: 1920px) 100vw, 1920px\" \/><\/a><\/p>\n<p><span style=\"font-weight: 400;\">But do you know what it means for an EVOO to be protected by a <\/span><span style=\"font-weight: 400;\">Protected Designation of Origin (PDO)? <\/span><a href=\"https:\/\/administracion.gob.es\/pag_Home\/Tu-espacio-europeo\/derechos-obligaciones\/empresas\/inicio-gestion-cierre\/derechos\/denominaciones-origen.html#-84bfda450130\"><span style=\"font-weight: 400;\">Products with a Protected Designation of Origin (<\/span><span style=\"font-weight: 400;\">PDO)<\/span><\/a> <span style=\"font-weight: 400;\">are those whose quality or characteristics are due to the geographical environment, <\/span><span style=\"font-weight: 400;\">with its natural and human factors, and whose production, processing, and preparation <\/span><span style=\"font-weight: 400;\">always take place in that delimited geographical area from which they take their name,\u201d according <\/span><span style=\"font-weight: 400;\">to the Government of Spain. <\/span><\/p>\n<p><span style=\"font-weight: 400;\">Thus, the Protected Designation of Origin Aceite de Lucena guarantees and protects the <\/span><span style=\"font-weight: 400;\">production process, quality, and origin of the extra virgin olive oils from the <\/span><span style=\"font-weight: 400;\">geographical region it covers. This includes municipalities located south of the province of <\/span><span style=\"font-weight: 400;\">C\u00f3rdoba: <\/span><b>Aguilar de la Frontera, Benamej\u00ed, Encinas Reales, Izn\u00e1jar, Lucena, <\/b><b>Montilla, Monturque, Moriles, Puente Genil, and Rute. <\/b><\/p>\n<p><span style=\"font-weight: 400;\">The EVOOs protected by this Designation come from olives that <\/span><span style=\"font-weight: 400;\">have been harvested at the optimal moment of ripeness. The most common variety <\/span><span style=\"font-weight: 400;\">is Hojiblanca, also known as Lucentina. However, <\/span><span style=\"font-weight: 400;\">there is also room for other varieties, ranging from Picual to Arbequina, including <\/span> <span style=\"font-weight: 400;\">Campanil.<\/span><\/p>\n<p><span style=\"font-weight: 400;\">Likewise, these oils have easily recognizable organoleptic attributes. <\/span><span style=\"font-weight: 400;\">They are characterized by peppery and bitter notes\u2014though smooth, well balanced, and very pleasant on the palate. <\/span><\/p>\n<p><span style=\"font-weight: 400;\">On the nose, you can detect green notes reminiscent of freshly cut grass, <\/span><span style=\"font-weight: 400;\">apple, and ripe banana. <\/span><a href=\"https:\/\/almazarasdelasubbetica.com\/en\/products\/almazaras-subbetica-pdo-lucena\/\"><span style=\"font-weight: 400;\">Try it by tasting our <\/span><span style=\"font-weight: 400;\">latest release, available in several formats!<\/span><\/a><\/p>\n","protected":false},"excerpt":{"rendered":"<p>The range is expanding with a new extra virgin olive oil certified by the Lucena PDO, reflecting the region, traceability and quality of the olive groves of C\u00f3rdoba.<\/p>\n","protected":false},"author":1,"featured_media":26247,"comment_status":"open","ping_status":"open","sticky":false,"template":"","format":"standard","meta":{"_acf_changed":false,"footnotes":""},"categories":[217],"tags":[],"class_list":["post-26318","post","type-post","status-publish","format-standard","has-post-thumbnail","hentry","category-almazaras-de-la-subbetica-en"],"acf":[],"yoast_head":"<!-- This site is optimized with the Yoast SEO plugin v27.5 - https:\/\/yoast.com\/product\/yoast-seo-wordpress\/ -->\n<title>Almazaras de la Subb\u00e9tica Launches Its First EVOO Line Certified by the PDO Aceite de Lucena | Almazaras de la Subb\u00e9tica | Tienda Online de AOVE Premiado<\/title>\n<meta name=\"description\" content=\"The new Extra Virgin Olive Oil, certified by the Aceite de Lucena PDO, is now available \u2013 a symbol of origin and quality.\" \/>\n<meta name=\"robots\" content=\"index, follow, max-snippet:-1, max-image-preview:large, max-video-preview:-1\" \/>\n<link rel=\"canonical\" href=\"https:\/\/almazarasdelasubbetica.com\/en\/launches-first-evoo-line-certified-pdo-lucena\/\" \/>\n<meta property=\"og:locale\" content=\"en_US\" \/>\n<meta property=\"og:type\" content=\"article\" \/>\n<meta property=\"og:title\" content=\"Almazaras de la Subb\u00e9tica Launches Its First EVOO Line Certified by the PDO Aceite de Lucena | Almazaras de la Subb\u00e9tica | Tienda Online de AOVE Premiado\" \/>\n<meta property=\"og:description\" content=\"The new Extra Virgin Olive Oil, certified by the Aceite de Lucena PDO, is now available \u2013 a symbol of origin and quality.\" \/>\n<meta property=\"og:url\" content=\"https:\/\/almazarasdelasubbetica.com\/en\/launches-first-evoo-line-certified-pdo-lucena\/\" \/>\n<meta property=\"og:site_name\" content=\"Almazaras de la Subb\u00e9tica | Tienda Online de AOVE Premiado\" \/>\n<meta property=\"article:publisher\" content=\"https:\/\/www.facebook.com\/almazarasdelasubbetica\/\" \/>\n<meta property=\"article:published_time\" content=\"2026-04-23T20:14:57+00:00\" \/>\n<meta property=\"article:modified_time\" content=\"2026-04-30T10:55:27+00:00\" \/>\n<meta property=\"og:image\" content=\"https:\/\/almazarasdelasubbetica.com\/wp-content\/uploads\/2026\/04\/PORTADA-BLOG-DOP-Lucena.png\" \/>\n\t<meta property=\"og:image:width\" content=\"1024\" \/>\n\t<meta property=\"og:image:height\" content=\"683\" \/>\n\t<meta property=\"og:image:type\" content=\"image\/png\" \/>\n<meta name=\"author\" content=\"admin_almazara\" \/>\n<meta name=\"twitter:card\" content=\"summary_large_image\" \/>\n<meta name=\"twitter:creator\" content=\"@almasubbetica\" \/>\n<meta name=\"twitter:site\" content=\"@almasubbetica\" \/>\n<meta name=\"twitter:label1\" content=\"Written by\" \/>\n\t<meta name=\"twitter:data1\" content=\"admin_almazara\" \/>\n\t<meta name=\"twitter:label2\" content=\"Est. reading time\" \/>\n\t<meta name=\"twitter:data2\" content=\"3 minutes\" \/>\n<script type=\"application\/ld+json\" class=\"yoast-schema-graph\">{\"@context\":\"https:\\\/\\\/schema.org\",\"@graph\":[{\"@type\":\"Article\",\"@id\":\"https:\\\/\\\/almazarasdelasubbetica.com\\\/en\\\/launches-first-evoo-line-certified-pdo-lucena\\\/#article\",\"isPartOf\":{\"@id\":\"https:\\\/\\\/almazarasdelasubbetica.com\\\/en\\\/launches-first-evoo-line-certified-pdo-lucena\\\/\"},\"author\":{\"name\":\"admin_almazara\",\"@id\":\"https:\\\/\\\/almazarasdelasubbetica.com\\\/en\\\/#\\\/schema\\\/person\\\/fb4abfbaa639ab37d5d0aec862c342d4\"},\"headline\":\"Almazaras de la Subb\u00e9tica Launches Its First EVOO Line Certified by the PDO Aceite de Lucena\",\"datePublished\":\"2026-04-23T20:14:57+00:00\",\"dateModified\":\"2026-04-30T10:55:27+00:00\",\"mainEntityOfPage\":{\"@id\":\"https:\\\/\\\/almazarasdelasubbetica.com\\\/en\\\/launches-first-evoo-line-certified-pdo-lucena\\\/\"},\"wordCount\":521,\"commentCount\":0,\"publisher\":{\"@id\":\"https:\\\/\\\/almazarasdelasubbetica.com\\\/en\\\/#organization\"},\"image\":{\"@id\":\"https:\\\/\\\/almazarasdelasubbetica.com\\\/en\\\/launches-first-evoo-line-certified-pdo-lucena\\\/#primaryimage\"},\"thumbnailUrl\":\"https:\\\/\\\/almazarasdelasubbetica.com\\\/wp-content\\\/uploads\\\/2026\\\/04\\\/PORTADA-BLOG-DOP-Lucena.png\",\"articleSection\":[\"Almazaras de la Subb\u00e9tica\"],\"inLanguage\":\"en-US\",\"potentialAction\":[{\"@type\":\"CommentAction\",\"name\":\"Comment\",\"target\":[\"https:\\\/\\\/almazarasdelasubbetica.com\\\/en\\\/launches-first-evoo-line-certified-pdo-lucena\\\/#respond\"]}]},{\"@type\":\"WebPage\",\"@id\":\"https:\\\/\\\/almazarasdelasubbetica.com\\\/en\\\/launches-first-evoo-line-certified-pdo-lucena\\\/\",\"url\":\"https:\\\/\\\/almazarasdelasubbetica.com\\\/en\\\/launches-first-evoo-line-certified-pdo-lucena\\\/\",\"name\":\"Almazaras de la Subb\u00e9tica Launches Its First EVOO Line Certified by the PDO Aceite de Lucena | Almazaras de la Subb\u00e9tica | Tienda Online de AOVE Premiado\",\"isPartOf\":{\"@id\":\"https:\\\/\\\/almazarasdelasubbetica.com\\\/en\\\/#website\"},\"primaryImageOfPage\":{\"@id\":\"https:\\\/\\\/almazarasdelasubbetica.com\\\/en\\\/launches-first-evoo-line-certified-pdo-lucena\\\/#primaryimage\"},\"image\":{\"@id\":\"https:\\\/\\\/almazarasdelasubbetica.com\\\/en\\\/launches-first-evoo-line-certified-pdo-lucena\\\/#primaryimage\"},\"thumbnailUrl\":\"https:\\\/\\\/almazarasdelasubbetica.com\\\/wp-content\\\/uploads\\\/2026\\\/04\\\/PORTADA-BLOG-DOP-Lucena.png\",\"datePublished\":\"2026-04-23T20:14:57+00:00\",\"dateModified\":\"2026-04-30T10:55:27+00:00\",\"description\":\"The new Extra Virgin Olive Oil, certified by the Aceite de Lucena PDO, is now available \u2013 a symbol of origin and quality.\",\"breadcrumb\":{\"@id\":\"https:\\\/\\\/almazarasdelasubbetica.com\\\/en\\\/launches-first-evoo-line-certified-pdo-lucena\\\/#breadcrumb\"},\"inLanguage\":\"en-US\",\"potentialAction\":[{\"@type\":\"ReadAction\",\"target\":[\"https:\\\/\\\/almazarasdelasubbetica.com\\\/en\\\/launches-first-evoo-line-certified-pdo-lucena\\\/\"]}]},{\"@type\":\"ImageObject\",\"inLanguage\":\"en-US\",\"@id\":\"https:\\\/\\\/almazarasdelasubbetica.com\\\/en\\\/launches-first-evoo-line-certified-pdo-lucena\\\/#primaryimage\",\"url\":\"https:\\\/\\\/almazarasdelasubbetica.com\\\/wp-content\\\/uploads\\\/2026\\\/04\\\/PORTADA-BLOG-DOP-Lucena.png\",\"contentUrl\":\"https:\\\/\\\/almazarasdelasubbetica.com\\\/wp-content\\\/uploads\\\/2026\\\/04\\\/PORTADA-BLOG-DOP-Lucena.png\",\"width\":1024,\"height\":683,\"caption\":\"Almazaras de la Subb\u00e9tica lanza su primera l\u00ednea de AOVES certificada por la D.O.P. Aceite de Lucena\"},{\"@type\":\"BreadcrumbList\",\"@id\":\"https:\\\/\\\/almazarasdelasubbetica.com\\\/en\\\/launches-first-evoo-line-certified-pdo-lucena\\\/#breadcrumb\",\"itemListElement\":[{\"@type\":\"ListItem\",\"position\":1,\"name\":\"Portada\",\"item\":\"https:\\\/\\\/almazarasdelasubbetica.com\\\/en\\\/\"},{\"@type\":\"ListItem\",\"position\":2,\"name\":\"Almazaras de la Subb\u00e9tica Launches Its First EVOO Line Certified by the PDO Aceite de Lucena\"}]},{\"@type\":\"WebSite\",\"@id\":\"https:\\\/\\\/almazarasdelasubbetica.com\\\/en\\\/#website\",\"url\":\"https:\\\/\\\/almazarasdelasubbetica.com\\\/en\\\/\",\"name\":\"Almazaras de la Subb\u00e9tica - Aceite de Oliva Virgen Extra\",\"description\":\"Almazaras de la Subb\u00e9tica: aceites de oliva virgen extra premiados mundialmente, disponibles online bajo las marcas Rinc\u00f3n de la Subb\u00e9tica, Parqueoliva y Almaoliva.\",\"publisher\":{\"@id\":\"https:\\\/\\\/almazarasdelasubbetica.com\\\/en\\\/#organization\"},\"alternateName\":\"Almazaras de la Subb\u00e9tica\",\"potentialAction\":[{\"@type\":\"SearchAction\",\"target\":{\"@type\":\"EntryPoint\",\"urlTemplate\":\"https:\\\/\\\/almazarasdelasubbetica.com\\\/en\\\/?s={search_term_string}\"},\"query-input\":{\"@type\":\"PropertyValueSpecification\",\"valueRequired\":true,\"valueName\":\"search_term_string\"}}],\"inLanguage\":\"en-US\"},{\"@type\":\"Organization\",\"@id\":\"https:\\\/\\\/almazarasdelasubbetica.com\\\/en\\\/#organization\",\"name\":\"Almazaras de la Subb\u00e9tica, S.C.A.\",\"url\":\"https:\\\/\\\/almazarasdelasubbetica.com\\\/en\\\/\",\"logo\":{\"@type\":\"ImageObject\",\"inLanguage\":\"en-US\",\"@id\":\"https:\\\/\\\/almazarasdelasubbetica.com\\\/en\\\/#\\\/schema\\\/logo\\\/image\\\/\",\"url\":\"https:\\\/\\\/almazarasdelasubbetica.com\\\/wp-content\\\/uploads\\\/2024\\\/11\\\/alma-logo.jpg\",\"contentUrl\":\"https:\\\/\\\/almazarasdelasubbetica.com\\\/wp-content\\\/uploads\\\/2024\\\/11\\\/alma-logo.jpg\",\"width\":220,\"height\":48,\"caption\":\"Almazaras de la Subb\u00e9tica, S.C.A.\"},\"image\":{\"@id\":\"https:\\\/\\\/almazarasdelasubbetica.com\\\/en\\\/#\\\/schema\\\/logo\\\/image\\\/\"},\"sameAs\":[\"https:\\\/\\\/www.facebook.com\\\/almazarasdelasubbetica\\\/\",\"https:\\\/\\\/x.com\\\/almasubbetica\",\"https:\\\/\\\/www.instagram.com\\\/almasubbetica\\\/\",\"https:\\\/\\\/www.linkedin.com\\\/company\\\/almazarasdelasubbetica\\\/\",\"https:\\\/\\\/www.tiktok.com\\\/@almasubbetica\"]},{\"@type\":\"Person\",\"@id\":\"https:\\\/\\\/almazarasdelasubbetica.com\\\/en\\\/#\\\/schema\\\/person\\\/fb4abfbaa639ab37d5d0aec862c342d4\",\"name\":\"admin_almazara\",\"image\":{\"@type\":\"ImageObject\",\"inLanguage\":\"en-US\",\"@id\":\"https:\\\/\\\/almazarasdelasubbetica.com\\\/wp-content\\\/uploads\\\/2024\\\/12\\\/cropped-favicon-almazara-150x150.png\",\"url\":\"https:\\\/\\\/almazarasdelasubbetica.com\\\/wp-content\\\/uploads\\\/2024\\\/12\\\/cropped-favicon-almazara-150x150.png\",\"contentUrl\":\"https:\\\/\\\/almazarasdelasubbetica.com\\\/wp-content\\\/uploads\\\/2024\\\/12\\\/cropped-favicon-almazara-150x150.png\",\"caption\":\"admin_almazara\"}}]}<\/script>\n<!-- \/ Yoast SEO plugin. -->","yoast_head_json":{"title":"Almazaras de la Subb\u00e9tica Launches Its First EVOO Line Certified by the PDO Aceite de Lucena | Almazaras de la Subb\u00e9tica | Tienda Online de AOVE Premiado","description":"The new Extra Virgin Olive Oil, certified by the Aceite de Lucena PDO, is now available \u2013 a symbol of origin and quality.","robots":{"index":"index","follow":"follow","max-snippet":"max-snippet:-1","max-image-preview":"max-image-preview:large","max-video-preview":"max-video-preview:-1"},"canonical":"https:\/\/almazarasdelasubbetica.com\/en\/launches-first-evoo-line-certified-pdo-lucena\/","og_locale":"en_US","og_type":"article","og_title":"Almazaras de la Subb\u00e9tica Launches Its First EVOO Line Certified by the PDO Aceite de Lucena | Almazaras de la Subb\u00e9tica | Tienda Online de AOVE Premiado","og_description":"The new Extra Virgin Olive Oil, certified by the Aceite de Lucena PDO, is now available \u2013 a symbol of origin and quality.","og_url":"https:\/\/almazarasdelasubbetica.com\/en\/launches-first-evoo-line-certified-pdo-lucena\/","og_site_name":"Almazaras de la Subb\u00e9tica | Tienda Online de AOVE Premiado","article_publisher":"https:\/\/www.facebook.com\/almazarasdelasubbetica\/","article_published_time":"2026-04-23T20:14:57+00:00","article_modified_time":"2026-04-30T10:55:27+00:00","og_image":[{"width":1024,"height":683,"url":"https:\/\/almazarasdelasubbetica.com\/wp-content\/uploads\/2026\/04\/PORTADA-BLOG-DOP-Lucena.png","type":"image\/png"}],"author":"admin_almazara","twitter_card":"summary_large_image","twitter_creator":"@almasubbetica","twitter_site":"@almasubbetica","twitter_misc":{"Written by":"admin_almazara","Est. reading time":"3 minutes"},"schema":{"@context":"https:\/\/schema.org","@graph":[{"@type":"Article","@id":"https:\/\/almazarasdelasubbetica.com\/en\/launches-first-evoo-line-certified-pdo-lucena\/#article","isPartOf":{"@id":"https:\/\/almazarasdelasubbetica.com\/en\/launches-first-evoo-line-certified-pdo-lucena\/"},"author":{"name":"admin_almazara","@id":"https:\/\/almazarasdelasubbetica.com\/en\/#\/schema\/person\/fb4abfbaa639ab37d5d0aec862c342d4"},"headline":"Almazaras de la Subb\u00e9tica Launches Its First EVOO Line Certified by the PDO Aceite de Lucena","datePublished":"2026-04-23T20:14:57+00:00","dateModified":"2026-04-30T10:55:27+00:00","mainEntityOfPage":{"@id":"https:\/\/almazarasdelasubbetica.com\/en\/launches-first-evoo-line-certified-pdo-lucena\/"},"wordCount":521,"commentCount":0,"publisher":{"@id":"https:\/\/almazarasdelasubbetica.com\/en\/#organization"},"image":{"@id":"https:\/\/almazarasdelasubbetica.com\/en\/launches-first-evoo-line-certified-pdo-lucena\/#primaryimage"},"thumbnailUrl":"https:\/\/almazarasdelasubbetica.com\/wp-content\/uploads\/2026\/04\/PORTADA-BLOG-DOP-Lucena.png","articleSection":["Almazaras de la Subb\u00e9tica"],"inLanguage":"en-US","potentialAction":[{"@type":"CommentAction","name":"Comment","target":["https:\/\/almazarasdelasubbetica.com\/en\/launches-first-evoo-line-certified-pdo-lucena\/#respond"]}]},{"@type":"WebPage","@id":"https:\/\/almazarasdelasubbetica.com\/en\/launches-first-evoo-line-certified-pdo-lucena\/","url":"https:\/\/almazarasdelasubbetica.com\/en\/launches-first-evoo-line-certified-pdo-lucena\/","name":"Almazaras de la Subb\u00e9tica Launches Its First EVOO Line Certified by the PDO Aceite de Lucena | Almazaras de la Subb\u00e9tica | Tienda Online de AOVE Premiado","isPartOf":{"@id":"https:\/\/almazarasdelasubbetica.com\/en\/#website"},"primaryImageOfPage":{"@id":"https:\/\/almazarasdelasubbetica.com\/en\/launches-first-evoo-line-certified-pdo-lucena\/#primaryimage"},"image":{"@id":"https:\/\/almazarasdelasubbetica.com\/en\/launches-first-evoo-line-certified-pdo-lucena\/#primaryimage"},"thumbnailUrl":"https:\/\/almazarasdelasubbetica.com\/wp-content\/uploads\/2026\/04\/PORTADA-BLOG-DOP-Lucena.png","datePublished":"2026-04-23T20:14:57+00:00","dateModified":"2026-04-30T10:55:27+00:00","description":"The new Extra Virgin Olive Oil, certified by the Aceite de Lucena PDO, is now available \u2013 a symbol of origin and quality.","breadcrumb":{"@id":"https:\/\/almazarasdelasubbetica.com\/en\/launches-first-evoo-line-certified-pdo-lucena\/#breadcrumb"},"inLanguage":"en-US","potentialAction":[{"@type":"ReadAction","target":["https:\/\/almazarasdelasubbetica.com\/en\/launches-first-evoo-line-certified-pdo-lucena\/"]}]},{"@type":"ImageObject","inLanguage":"en-US","@id":"https:\/\/almazarasdelasubbetica.com\/en\/launches-first-evoo-line-certified-pdo-lucena\/#primaryimage","url":"https:\/\/almazarasdelasubbetica.com\/wp-content\/uploads\/2026\/04\/PORTADA-BLOG-DOP-Lucena.png","contentUrl":"https:\/\/almazarasdelasubbetica.com\/wp-content\/uploads\/2026\/04\/PORTADA-BLOG-DOP-Lucena.png","width":1024,"height":683,"caption":"Almazaras de la Subb\u00e9tica lanza su primera l\u00ednea de AOVES certificada por la D.O.P. Aceite de Lucena"},{"@type":"BreadcrumbList","@id":"https:\/\/almazarasdelasubbetica.com\/en\/launches-first-evoo-line-certified-pdo-lucena\/#breadcrumb","itemListElement":[{"@type":"ListItem","position":1,"name":"Portada","item":"https:\/\/almazarasdelasubbetica.com\/en\/"},{"@type":"ListItem","position":2,"name":"Almazaras de la Subb\u00e9tica Launches Its First EVOO Line Certified by the PDO Aceite de Lucena"}]},{"@type":"WebSite","@id":"https:\/\/almazarasdelasubbetica.com\/en\/#website","url":"https:\/\/almazarasdelasubbetica.com\/en\/","name":"Almazaras de la Subb\u00e9tica - Aceite de Oliva Virgen Extra","description":"Almazaras de la Subb\u00e9tica: aceites de oliva virgen extra premiados mundialmente, disponibles online bajo las marcas Rinc\u00f3n de la Subb\u00e9tica, Parqueoliva y Almaoliva.","publisher":{"@id":"https:\/\/almazarasdelasubbetica.com\/en\/#organization"},"alternateName":"Almazaras de la Subb\u00e9tica","potentialAction":[{"@type":"SearchAction","target":{"@type":"EntryPoint","urlTemplate":"https:\/\/almazarasdelasubbetica.com\/en\/?s={search_term_string}"},"query-input":{"@type":"PropertyValueSpecification","valueRequired":true,"valueName":"search_term_string"}}],"inLanguage":"en-US"},{"@type":"Organization","@id":"https:\/\/almazarasdelasubbetica.com\/en\/#organization","name":"Almazaras de la Subb\u00e9tica, S.C.A.","url":"https:\/\/almazarasdelasubbetica.com\/en\/","logo":{"@type":"ImageObject","inLanguage":"en-US","@id":"https:\/\/almazarasdelasubbetica.com\/en\/#\/schema\/logo\/image\/","url":"https:\/\/almazarasdelasubbetica.com\/wp-content\/uploads\/2024\/11\/alma-logo.jpg","contentUrl":"https:\/\/almazarasdelasubbetica.com\/wp-content\/uploads\/2024\/11\/alma-logo.jpg","width":220,"height":48,"caption":"Almazaras de la Subb\u00e9tica, S.C.A."},"image":{"@id":"https:\/\/almazarasdelasubbetica.com\/en\/#\/schema\/logo\/image\/"},"sameAs":["https:\/\/www.facebook.com\/almazarasdelasubbetica\/","https:\/\/x.com\/almasubbetica","https:\/\/www.instagram.com\/almasubbetica\/","https:\/\/www.linkedin.com\/company\/almazarasdelasubbetica\/","https:\/\/www.tiktok.com\/@almasubbetica"]},{"@type":"Person","@id":"https:\/\/almazarasdelasubbetica.com\/en\/#\/schema\/person\/fb4abfbaa639ab37d5d0aec862c342d4","name":"admin_almazara","image":{"@type":"ImageObject","inLanguage":"en-US","@id":"https:\/\/almazarasdelasubbetica.com\/wp-content\/uploads\/2024\/12\/cropped-favicon-almazara-150x150.png","url":"https:\/\/almazarasdelasubbetica.com\/wp-content\/uploads\/2024\/12\/cropped-favicon-almazara-150x150.png","contentUrl":"https:\/\/almazarasdelasubbetica.com\/wp-content\/uploads\/2024\/12\/cropped-favicon-almazara-150x150.png","caption":"admin_almazara"}}]}},"_links":{"self":[{"href":"https:\/\/almazarasdelasubbetica.com\/en\/wp-json\/wp\/v2\/posts\/26318","targetHints":{"allow":["GET"]}}],"collection":[{"href":"https:\/\/almazarasdelasubbetica.com\/en\/wp-json\/wp\/v2\/posts"}],"about":[{"href":"https:\/\/almazarasdelasubbetica.com\/en\/wp-json\/wp\/v2\/types\/post"}],"author":[{"embeddable":true,"href":"https:\/\/almazarasdelasubbetica.com\/en\/wp-json\/wp\/v2\/users\/1"}],"replies":[{"embeddable":true,"href":"https:\/\/almazarasdelasubbetica.com\/en\/wp-json\/wp\/v2\/comments?post=26318"}],"version-history":[{"count":2,"href":"https:\/\/almazarasdelasubbetica.com\/en\/wp-json\/wp\/v2\/posts\/26318\/revisions"}],"predecessor-version":[{"id":26320,"href":"https:\/\/almazarasdelasubbetica.com\/en\/wp-json\/wp\/v2\/posts\/26318\/revisions\/26320"}],"wp:featuredmedia":[{"embeddable":true,"href":"https:\/\/almazarasdelasubbetica.com\/en\/wp-json\/wp\/v2\/media\/26247"}],"wp:attachment":[{"href":"https:\/\/almazarasdelasubbetica.com\/en\/wp-json\/wp\/v2\/media?parent=26318"}],"wp:term":[{"taxonomy":"category","embeddable":true,"href":"https:\/\/almazarasdelasubbetica.com\/en\/wp-json\/wp\/v2\/categories?post=26318"},{"taxonomy":"post_tag","embeddable":true,"href":"https:\/\/almazarasdelasubbetica.com\/en\/wp-json\/wp\/v2\/tags?post=26318"}],"curies":[{"name":"wp","href":"https:\/\/api.w.org\/{rel}","templated":true}]}}